{"id":6728,"date":"2026-09-01T14:49:42","date_gmt":"2026-09-01T14:49:42","guid":{"rendered":"https:\/\/colegiopatriciolynch.cl\/inicio\/?p=6728"},"modified":"2026-09-01T15:30:07","modified_gmt":"2026-09-01T15:30:07","slug":"%f0%9f%8f%86-la-precision-y-el-vocabulario-brillaron-en-nuestro-spelling-bee-%f0%9f%90%9d%e2%9c%a8","status":"publish","type":"post","link":"https:\/\/colegiopatriciolynch.cl\/inicio\/%f0%9f%8f%86-la-precision-y-el-vocabulario-brillaron-en-nuestro-spelling-bee-%f0%9f%90%9d%e2%9c%a8\/","title":{"rendered":"\ud83c\udfc6 \u00a1La precisi\u00f3n y el vocabulario brillaron en nuestro Spelling Bee! \ud83d\udc1d\u2728"},"content":{"rendered":"\t\t<div data-elementor-type=\"wp-post\" data-elementor-id=\"6728\" class=\"elementor elementor-6728\" data-elementor-post-type=\"post\">\n\t\t\t\t\t\t<section class=\"elementor-section elementor-top-section elementor-element elementor-element-efcd39a elementor-section-boxed elementor-section-height-default elementor-section-height-default\" data-id=\"efcd39a\" data-element_type=\"section\" data-e-type=\"section\">\n\t\t\t\t\t\t<div class=\"elementor-container elementor-column-gap-default\">\n\t\t\t\t\t<div class=\"elementor-column elementor-col-100 elementor-top-column elementor-element elementor-element-a1fa041\" data-id=\"a1fa041\" data-element_type=\"column\" data-e-type=\"column\">\n\t\t\t<div class=\"elementor-widget-wrap elementor-element-populated\">\n\t\t\t\t\t\t<div class=\"elementor-element elementor-element-e5679fe elementor-widget elementor-widget-heading\" data-id=\"e5679fe\" data-element_type=\"widget\" data-e-type=\"widget\" data-widget_type=\"heading.default\">\n\t\t\t\t<div class=\"elementor-widget-container\">\n\t\t\t\t\t<h2 class=\"elementor-heading-title elementor-size-default\">\ud83c\udfc6 \u00a1La precisi\u00f3n y el vocabulario brillaron en nuestro Spelling Bee! \ud83d\udc1d\u2728<\/h2>\t\t\t\t<\/div>\n\t\t\t\t<\/div>\n\t\t\t\t\t<\/div>\n\t\t<\/div>\n\t\t\t\t\t<\/div>\n\t\t<\/section>\n\t\t\t\t<section class=\"elementor-section elementor-top-section elementor-element elementor-element-f4287eb elementor-section-boxed elementor-section-height-default elementor-section-height-default\" data-id=\"f4287eb\" data-element_type=\"section\" data-e-type=\"section\">\n\t\t\t\t\t\t<div class=\"elementor-container elementor-column-gap-default\">\n\t\t\t\t\t<div class=\"elementor-column elementor-col-100 elementor-top-column elementor-element elementor-element-3a057ff\" data-id=\"3a057ff\" data-element_type=\"column\" data-e-type=\"column\">\n\t\t\t<div class=\"elementor-widget-wrap elementor-element-populated\">\n\t\t\t\t\t\t<div class=\"elementor-element elementor-element-b4871ec elementor-widget elementor-widget-text-editor\" data-id=\"b4871ec\" data-element_type=\"widget\" data-e-type=\"widget\" data-widget_type=\"text-editor.default\">\n\t\t\t\t<div class=\"elementor-widget-container\">\n\t\t\t\t\t\t\t\t\t<p>Celebramos una nueva edici\u00f3n de nuestra competencia de deletreo en ingl\u00e9s, donde los estudiantes de Ense\u00f1anza B\u00e1sica y Media demostraron toda su dedicaci\u00f3n, concentraci\u00f3n y dominio del idioma.<br \/>Felicitamos especialmente a los ganadores de cada categor\u00eda:<br \/>Ciclo Ense\u00f1anza Media<br \/>\ud83e\udd47 1.er Lugar: L\u00eda Silva (1.\u00b0 Medio)<br \/>\ud83e\udd48 2.\u00b0 Lugar: V\u00edctor Contreras (2.\u00b0 Medio)<br \/>Ciclo Ense\u00f1anza B\u00e1sica<br \/>\ud83e\udd47 1.er Lugar: Lautaro Silva (7.\u00b0 B\u00e1sico)<br \/>Queremos hacer un reconocimiento muy especial a Rafael Torres (8.\u00b0 B\u00e1sico) por su destacada participaci\u00f3n, esfuerzo y valent\u00eda en el escenario. \u00a1Todos nos sentimos muy orgullosos de su representaci\u00f3n! \ud83d\udc4f\ud83c\udf1f<br \/>Agradecemos a los profesores de ingl\u00e9s por la organizaci\u00f3n y a toda la comunidad escolar por apoyar a nuestros competidores. \u00a1Keep up the great work!<\/p>\t\t\t\t\t\t\t\t<\/div>\n\t\t\t\t<\/div>\n\t\t\t\t<div class=\"elementor-element elementor-element-acf958c elementor-widget elementor-widget-gallery\" data-id=\"acf958c\" data-element_type=\"widget\" data-e-type=\"widget\" data-settings=\"{&quot;lazyload&quot;:&quot;yes&quot;,&quot;gallery_layout&quot;:&quot;grid&quot;,&quot;columns&quot;:4,&quot;columns_tablet&quot;:2,&quot;columns_mobile&quot;:1,&quot;gap&quot;:{&quot;unit&quot;:&quot;px&quot;,&quot;size&quot;:10,&quot;sizes&quot;:[]},&quot;gap_tablet&quot;:{&quot;unit&quot;:&quot;px&quot;,&quot;size&quot;:10,&quot;sizes&quot;:[]},&quot;gap_mobile&quot;:{&quot;unit&quot;:&quot;px&quot;,&quot;size&quot;:10,&quot;sizes&quot;:[]},&quot;link_to&quot;:&quot;file&quot;,&quot;aspect_ratio&quot;:&quot;3:2&quot;,&quot;overlay_background&quot;:&quot;yes&quot;,&quot;content_hover_animation&quot;:&quot;fade-in&quot;}\" data-widget_type=\"gallery.default\">\n\t\t\t\t<div class=\"elementor-widget-container\">\n\t\t\t\t\t\t\t<div class=\"elementor-gallery__container\">\n\t\t\t\t\t\t\t<a class=\"e-gallery-item elementor-gallery-item elementor-animated-content\" href=\"https:\/\/colegiopatriciolynch.cl\/inicio\/wp-content\/uploads\/2026\/08\/WhatsApp-Image-2026-08-26-at-8.46.58-AM-3.jpeg\" data-elementor-open-lightbox=\"yes\" data-elementor-lightbox-slideshow=\"acf958c\" data-elementor-lightbox-title=\"WhatsApp Image 2026-08-26 at 8.46.58 AM\" data-e-action-hash=\"#elementor-action%3Aaction%3Dlightbox%26settings%3DeyJpZCI6NjcxMiwidXJsIjoiaHR0cHM6XC9cL2NvbGVnaW9wYXRyaWNpb2x5bmNoLmNsXC9pbmljaW9cL3dwLWNvbnRlbnRcL3VwbG9hZHNcLzIwMjZcLzA4XC9XaGF0c0FwcC1JbWFnZS0yMDI2LTA4LTI2LWF0LTguNDYuNTgtQU0tMy5qcGVnIiwic2xpZGVzaG93IjoiYWNmOTU4YyJ9\">\n\t\t\t\t\t<div class=\"e-gallery-image elementor-gallery-item__image\" data-thumbnail=\"https:\/\/colegiopatriciolynch.cl\/inicio\/wp-content\/uploads\/2026\/08\/WhatsApp-Image-2026-08-26-at-8.46.58-AM-3-300x169.jpeg\" data-width=\"300\" data-height=\"169\" aria-label=\"\" role=\"img\" ><\/div>\n\t\t\t\t\t\t\t\t\t\t\t<div class=\"elementor-gallery-item__overlay\"><\/div>\n\t\t\t\t\t\t\t\t\t\t\t\t\t\t<\/a>\n\t\t\t\t\t\t\t<a class=\"e-gallery-item elementor-gallery-item elementor-animated-content\" href=\"https:\/\/colegiopatriciolynch.cl\/inicio\/wp-content\/uploads\/2026\/09\/IMG_6590-scaled.jpg\" data-elementor-open-lightbox=\"yes\" data-elementor-lightbox-slideshow=\"acf958c\" data-elementor-lightbox-title=\"IMG_6590\" data-e-action-hash=\"#elementor-action%3Aaction%3Dlightbox%26settings%3DeyJpZCI6NjczMCwidXJsIjoiaHR0cHM6XC9cL2NvbGVnaW9wYXRyaWNpb2x5bmNoLmNsXC9pbmljaW9cL3dwLWNvbnRlbnRcL3VwbG9hZHNcLzIwMjZcLzA5XC9JTUdfNjU5MC1zY2FsZWQuanBnIiwic2xpZGVzaG93IjoiYWNmOTU4YyJ9\">\n\t\t\t\t\t<div class=\"e-gallery-image elementor-gallery-item__image\" data-thumbnail=\"https:\/\/colegiopatriciolynch.cl\/inicio\/wp-content\/uploads\/2026\/09\/IMG_6590-225x300.jpg\" data-width=\"225\" data-height=\"300\" aria-label=\"\" role=\"img\" ><\/div>\n\t\t\t\t\t\t\t\t\t\t\t<div class=\"elementor-gallery-item__overlay\"><\/div>\n\t\t\t\t\t\t\t\t\t\t\t\t\t\t<\/a>\n\t\t\t\t\t\t\t<a class=\"e-gallery-item elementor-gallery-item elementor-animated-content\" href=\"https:\/\/colegiopatriciolynch.cl\/inicio\/wp-content\/uploads\/2026\/09\/IMG_6586-scaled.jpg\" data-elementor-open-lightbox=\"yes\" data-elementor-lightbox-slideshow=\"acf958c\" data-elementor-lightbox-title=\"IMG_6586\" data-e-action-hash=\"#elementor-action%3Aaction%3Dlightbox%26settings%3DeyJpZCI6NjczMSwidXJsIjoiaHR0cHM6XC9cL2NvbGVnaW9wYXRyaWNpb2x5bmNoLmNsXC9pbmljaW9cL3dwLWNvbnRlbnRcL3VwbG9hZHNcLzIwMjZcLzA5XC9JTUdfNjU4Ni1zY2FsZWQuanBnIiwic2xpZGVzaG93IjoiYWNmOTU4YyJ9\">\n\t\t\t\t\t<div class=\"e-gallery-image elementor-gallery-item__image\" data-thumbnail=\"https:\/\/colegiopatriciolynch.cl\/inicio\/wp-content\/uploads\/2026\/09\/IMG_6586-225x300.jpg\" data-width=\"225\" data-height=\"300\" aria-label=\"\" role=\"img\" ><\/div>\n\t\t\t\t\t\t\t\t\t\t\t<div class=\"elementor-gallery-item__overlay\"><\/div>\n\t\t\t\t\t\t\t\t\t\t\t\t\t\t<\/a>\n\t\t\t\t\t\t\t<a class=\"e-gallery-item elementor-gallery-item elementor-animated-content\" href=\"https:\/\/colegiopatriciolynch.cl\/inicio\/wp-content\/uploads\/2026\/09\/IMG_6591-scaled.jpg\" data-elementor-open-lightbox=\"yes\" data-elementor-lightbox-slideshow=\"acf958c\" data-elementor-lightbox-title=\"IMG_6591\" data-e-action-hash=\"#elementor-action%3Aaction%3Dlightbox%26settings%3DeyJpZCI6NjczMiwidXJsIjoiaHR0cHM6XC9cL2NvbGVnaW9wYXRyaWNpb2x5bmNoLmNsXC9pbmljaW9cL3dwLWNvbnRlbnRcL3VwbG9hZHNcLzIwMjZcLzA5XC9JTUdfNjU5MS1zY2FsZWQuanBnIiwic2xpZGVzaG93IjoiYWNmOTU4YyJ9\">\n\t\t\t\t\t<div class=\"e-gallery-image elementor-gallery-item__image\" data-thumbnail=\"https:\/\/colegiopatriciolynch.cl\/inicio\/wp-content\/uploads\/2026\/09\/IMG_6591-225x300.jpg\" data-width=\"225\" data-height=\"300\" aria-label=\"\" role=\"img\" ><\/div>\n\t\t\t\t\t\t\t\t\t\t\t<div class=\"elementor-gallery-item__overlay\"><\/div>\n\t\t\t\t\t\t\t\t\t\t\t\t\t\t<\/a>\n\t\t\t\t\t<\/div>\n\t\t\t\t\t<\/div>\n\t\t\t\t<\/div>\n\t\t\t\t\t<\/div>\n\t\t<\/div>\n\t\t\t\t\t<\/div>\n\t\t<\/section>\n\t\t\t\t<\/div>\n\t\t","protected":false},"excerpt":{"rendered":"<p>\ud83c\udfc6 \u00a1La precisi\u00f3n y el vocabulario brillaron en nuestro Spelling Bee! \ud83d\udc1d\u2728 Celebramos una nueva edici\u00f3n de nuestra competencia de deletreo en ingl\u00e9s, donde los estudiantes de Ense\u00f1anza B\u00e1sica y &#8230; <a title=\"\ud83c\udfc6 \u00a1La precisi\u00f3n y el vocabulario brillaron en nuestro Spelling Bee! \ud83d\udc1d\u2728\" class=\"read-more\" href=\"https:\/\/colegiopatriciolynch.cl\/inicio\/%f0%9f%8f%86-la-precision-y-el-vocabulario-brillaron-en-nuestro-spelling-bee-%f0%9f%90%9d%e2%9c%a8\/\" aria-label=\"Leer m\u00e1s sobre \ud83c\udfc6 \u00a1La precisi\u00f3n y el vocabulario brillaron en nuestro Spelling Bee! \ud83d\udc1d\u2728\">Leer m\u00e1s<\/a><\/p>\n","protected":false},"author":3,"featured_media":6700,"comment_status":"closed","ping_status":"closed","sticky":false,"template":"","format":"standard","meta":{"_EventAllDay":false,"_EventTimezone":"","_EventStartDate":"","_EventEndDate":"","_EventStartDateUTC":"","_EventEndDateUTC":"","_EventShowMap":false,"_EventShowMapLink":false,"_EventURL":"","_EventCost":"","_EventCostDescription":"","_EventCurrencySymbol":"","_EventCurrencyCode":"","_EventCurrencyPosition":"","_EventDateTimeSeparator":"","_EventTimeRangeSeparator":"","_EventOrganizerID":[],"_EventVenueID":[],"_OrganizerEmail":"","_OrganizerPhone":"","_OrganizerWebsite":"","_VenueAddress":"","_VenueCity":"","_VenueCountry":"","_VenueProvince":"","_VenueState":"","_VenueZip":"","_VenuePhone":"","_VenueURL":"","_VenueStateProvince":"","_VenueLat":"","_VenueLng":"","_VenueShowMap":false,"_VenueShowMapLink":false,"footnotes":""},"categories":[22],"tags":[],"class_list":["post-6728","post","type-post","status-publish","format-standard","has-post-thumbnail","hentry","category-noticias"],"_links":{"self":[{"href":"https:\/\/colegiopatriciolynch.cl\/inicio\/wp-json\/wp\/v2\/posts\/6728","targetHints":{"allow":["GET"]}}],"collection":[{"href":"https:\/\/colegiopatriciolynch.cl\/inicio\/wp-json\/wp\/v2\/posts"}],"about":[{"href":"https:\/\/colegiopatriciolynch.cl\/inicio\/wp-json\/wp\/v2\/types\/post"}],"author":[{"embeddable":true,"href":"https:\/\/colegiopatriciolynch.cl\/inicio\/wp-json\/wp\/v2\/users\/3"}],"replies":[{"embeddable":true,"href":"https:\/\/colegiopatriciolynch.cl\/inicio\/wp-json\/wp\/v2\/comments?post=6728"}],"version-history":[{"count":7,"href":"https:\/\/colegiopatriciolynch.cl\/inicio\/wp-json\/wp\/v2\/posts\/6728\/revisions"}],"predecessor-version":[{"id":6819,"href":"https:\/\/colegiopatriciolynch.cl\/inicio\/wp-json\/wp\/v2\/posts\/6728\/revisions\/6819"}],"wp:featuredmedia":[{"embeddable":true,"href":"https:\/\/colegiopatriciolynch.cl\/inicio\/wp-json\/wp\/v2\/media\/6700"}],"wp:attachment":[{"href":"https:\/\/colegiopatriciolynch.cl\/inicio\/wp-json\/wp\/v2\/media?parent=6728"}],"wp:term":[{"taxonomy":"category","embeddable":true,"href":"https:\/\/colegiopatriciolynch.cl\/inicio\/wp-json\/wp\/v2\/categories?post=6728"},{"taxonomy":"post_tag","embeddable":true,"href":"https:\/\/colegiopatriciolynch.cl\/inicio\/wp-json\/wp\/v2\/tags?post=6728"}],"curies":[{"name":"wp","href":"https:\/\/api.w.org\/{rel}","templated":true}]}}