{"id":3367,"date":"2023-12-12T11:27:30","date_gmt":"2023-12-12T11:27:30","guid":{"rendered":"https:\/\/colegiopatriciolynch.cl\/inicio\/?p=3367"},"modified":"2024-03-18T15:29:02","modified_gmt":"2024-03-18T15:29:02","slug":"admision-2024-anotate-en-la-lista","status":"publish","type":"post","link":"https:\/\/colegiopatriciolynch.cl\/inicio\/admision-2024-anotate-en-la-lista\/","title":{"rendered":"ADMISI\u00d3N 2024: AN\u00d3TATE EN LA LISTA"},"content":{"rendered":"\t\t<div data-elementor-type=\"wp-post\" data-elementor-id=\"3367\" class=\"elementor elementor-3367\" data-elementor-post-type=\"post\">\n\t\t\t\t\t\t<section class=\"elementor-section elementor-top-section elementor-element elementor-element-685e321 elementor-section-boxed elementor-section-height-default elementor-section-height-default\" data-id=\"685e321\" data-element_type=\"section\" data-e-type=\"section\">\n\t\t\t\t\t\t<div class=\"elementor-container elementor-column-gap-default\">\n\t\t\t\t\t<div class=\"elementor-column elementor-col-100 elementor-top-column elementor-element elementor-element-0b6f99f\" data-id=\"0b6f99f\" data-element_type=\"column\" data-e-type=\"column\">\n\t\t\t<div class=\"elementor-widget-wrap elementor-element-populated\">\n\t\t\t\t\t\t<div class=\"elementor-element elementor-element-18aa1f0 elementor-widget elementor-widget-text-editor\" data-id=\"18aa1f0\" data-element_type=\"widget\" data-e-type=\"widget\" data-widget_type=\"text-editor.default\">\n\t\t\t\t<div class=\"elementor-widget-container\">\n\t\t\t\t\t\t\t\t\t<section class=\"bloque bloque--1 bloque--titulo con--carril--3-4 bg--color1 padded--top padded--left padded--right\"><div class=\"in carril--3-4 padded--bottom\"><div class=\"inn\"><h4 class=\"fonty2 color--color2 text--uppercase\">ADMISI\u00d3N 2024: AN\u00d3TATE EN LA LISTA<\/h4><\/div><\/div><\/section><section class=\"bloque bloque--single-content con--carril--3-4 padded--left padded--right\"><div class=\"carril--3-4\"><div class=\"content\"><div class=\"imagen_holder main\"><div class=\"imagen\"><figure class=\"img loaded\"><img decoding=\"async\" class=\"cargable first loaded\" src=\"https:\/\/selcano.cl\/wp-content\/uploads\/2023\/12\/Header_ADMISION_VACANTES2024_03-1000x583.jpg\" alt=\"Admisi\u00f3n 2024: An\u00f3tate en la lista\" \/><\/figure><\/div><\/div><div class=\"textos\"><h3>\u00bfQu\u00e9 es \u201cAn\u00f3tate en la lista\u201d?<\/h3><p>Es una nueva plataforma web del Ministerio de Educaci\u00f3n que permitir\u00e1 a las y los apoderados buscar una vacante en un establecimiento p\u00fablico o particular subvencionado una vez que ya terminaron las postulaciones del Sistema de Admisi\u00f3n Escolar (SAE) y el proceso de matr\u00edcula.<\/p><p>Por lo tanto, servir\u00e1 para que las familias busquen una vacante si es que no quedaron asignados en un establecimiento al finalizar el SAE o si es que requieren cambiarse durante el a\u00f1o.<\/p><p>Antes, este proceso se hac\u00eda presencialmente: las y los apoderados deb\u00edan ir a las escuelas y liceos, hacer una fila y anotarse en un registro. Ahora se realizar\u00e1 a trav\u00e9s del sitio web\u00a0<strong><a class=\"href external\" href=\"https:\/\/www.sistemadeadmisionescolar.cl\/\" target=\"_blank\" rel=\"noopener\">www.sistemadeadmisionescolar.cl<\/a><\/strong>\u00a0acabando con las filas y haciendo que este proceso sea m\u00e1s transparente, c\u00f3modo y sin perder tiempo.<\/p><h3>\u00bfCu\u00e1ndo se podr\u00e1 realizar el registro?<\/h3><ul><li>Colegios de la Zona Norte:\u00a0<strong>8 de enero<\/strong><\/li><li>Colegios de la Regi\u00f3n Metropolitana:\u00a0<strong>12 de enero<\/strong><\/li><li>Colegios de la Zona Sur:\u00a0<strong>10 de enero<\/strong><\/li><\/ul><h3>\u00bfC\u00f3mo funciona \u201cAn\u00f3tate en la lista\u201d?<\/h3><ol><li>Las y los apoderados deben ingresar a\u00a0<strong><a class=\"href external\" href=\"https:\/\/www.sistemadeadmisionescolar.cl\/\" target=\"_blank\" rel=\"noopener\">www.sistemadeadmisionescolar.cl<\/a><\/strong>\u00a0y buscar los establecimientos en los que desean solicitar una vacante.<\/li><li>Tienen que anotarse en el o los establecimientos seleccionados, confirmar el ingreso de la solicitud y la informaci\u00f3n de contacto.<\/li><li>Las familias pueden anotarse en todos los establecimientos que deseen y sabr\u00e1n siempre en qu\u00e9 n\u00famero de la lista se encuentran.<\/li><li>El establecimiento recibir\u00e1 la informaci\u00f3n de las familias y, si tiene vacantes disponibles, las asignar\u00e1 por orden cronol\u00f3gico de solicitud, es decir, partiendo por quienes se inscribieron primero, tal como habr\u00eda ocurrido si el proceso fuese presencial.<\/li><li>Los establecimientos educacionales contactar\u00e1n directamente a las familias cuando se les asigne una vacante, para continuar con el tr\u00e1mite de matr\u00edcula.<\/li><\/ol><p><strong>\u00a1Importante!<\/strong>\u00a0Las y los apoderados necesitar\u00e1n utilizar un correo electr\u00f3nico al cual tengan acceso y podr\u00e1n hacer un seguimiento al listado que tiene el establecimiento educacional en la misma plataforma.<\/p><h3>\u00bfCu\u00e1les son las diferencias entre \u201cAn\u00f3tate en la lista\u201d y el Sistema de Admisi\u00f3n Escolar?<\/h3><p>El Sistema de Admisi\u00f3n Escolar es la plataforma de postulaci\u00f3n a establecimientos municipales y particulares subvencionados que regula la admisi\u00f3n general de un a\u00f1o a otro. En cambio, \u201cAn\u00f3tate en la lista\u201d servir\u00e1 para encontrar una vacante cuando ya culmin\u00f3 el proceso de matr\u00edcula durante el a\u00f1o en curso.<\/p><h3>\u00bfQui\u00e9nes pueden utilizar \u201cAn\u00f3tate en la lista\u201d?<\/h3><p>Primero, la plataforma estar\u00e1 disponible para aquellas familias que participaron en el Periodo Complementario del SAE y no quedaron asignadas en ning\u00fan establecimiento y para los repitentes. Luego, la plataforma estar\u00e1 disponible para la inscripci\u00f3n de apoderados\/as que requieran buscar una vacante durante el a\u00f1o, por ejemplo, por cambiarse de ciudad.<\/p><h3>\u00bfQu\u00e9 debe hacer un apoderado que desee participar de \u201cAn\u00f3tate en la lista\u201d?<\/h3><p>Tienen que registrarse en\u00a0<a class=\"href external\" href=\"https:\/\/www.sistemadeadmisionescolar.cl\/\" target=\"_blank\" rel=\"noopener\"><strong>www.sistemadeadmisionescolar.cl<\/strong><\/a>\u00a0y seleccionar los establecimientos educacionales en los que desean solicitar una vacante. Por su parte, los establecimientos que tengan vacantes disponibles las asignar\u00e1n seg\u00fan el orden cronol\u00f3gico en que se inscribieron las y los apoderados, es decir, partiendo por quienes se inscribieron primero. Luego, los establecimientos contactar\u00e1n a las familias para avisarles que cuentan con una vacante y gestionar el proceso de matr\u00edcula.<\/p><h3>La importancia del Sistema de Admisi\u00f3n Escolar<\/h3><p>La plataforma \u201cAn\u00f3tate en la lista\u201d sirve para buscar vacantes una vez que termina el proceso de matr\u00edculas del Sistema de Admisi\u00f3n Escolar (SAE), pero no lo reemplaza.<\/p><p>El SAE es un sistema \u00fanico y transparente que, durante el segundo semestre de cada a\u00f1o, permite a las familias informarse sobre los proyectos educativos de los establecimientos y postular a ellos sin discriminaci\u00f3n.<\/p><p>Por eso, es muy importante que las familias cuyos hijos e hijas est\u00e1n reci\u00e9n entrando al sistema escolar, deseen cambiarse de establecimiento o est\u00e9n obligadas a buscar uno, participen del SAE (www.sistemadeadmisionescolar.cl) y usen la vitrina para conocer y comparar los proyectos educativos.<\/p><p>Mientras m\u00e1s opciones de establecimientos marquen en el SAE, m\u00e1s posibilidades tendr\u00e1n de obtener una vacante antes de que los establecimientos realicen las matr\u00edculas en diciembre.<\/p><\/div><\/div><\/div><\/section>\t\t\t\t\t\t\t\t<\/div>\n\t\t\t\t<\/div>\n\t\t\t\t\t<\/div>\n\t\t<\/div>\n\t\t\t\t\t<\/div>\n\t\t<\/section>\n\t\t\t\t<\/div>\n\t\t","protected":false},"excerpt":{"rendered":"<p>ADMISI\u00d3N 2024: AN\u00d3TATE EN LA LISTA \u00bfQu\u00e9 es \u201cAn\u00f3tate en la lista\u201d? Es una nueva plataforma web del Ministerio de Educaci\u00f3n que permitir\u00e1 a las y los apoderados buscar una &#8230; <a title=\"ADMISI\u00d3N 2024: AN\u00d3TATE EN LA LISTA\" class=\"read-more\" href=\"https:\/\/colegiopatriciolynch.cl\/inicio\/admision-2024-anotate-en-la-lista\/\" aria-label=\"Leer m\u00e1s sobre ADMISI\u00d3N 2024: AN\u00d3TATE EN LA LISTA\">Leer m\u00e1s<\/a><\/p>\n","protected":false},"author":3,"featured_media":3372,"comment_status":"closed","ping_status":"open","sticky":false,"template":"","format":"standard","meta":{"_EventAllDay":false,"_EventTimezone":"","_EventStartDate":"","_EventEndDate":"","_EventStartDateUTC":"","_EventEndDateUTC":"","_EventShowMap":false,"_EventShowMapLink":false,"_EventURL":"","_EventCost":"","_EventCostDescription":"","_EventCurrencySymbol":"","_EventCurrencyCode":"","_EventCurrencyPosition":"","_EventDateTimeSeparator":"","_EventTimeRangeSeparator":"","_EventOrganizerID":[],"_EventVenueID":[],"_OrganizerEmail":"","_OrganizerPhone":"","_OrganizerWebsite":"","_VenueAddress":"","_VenueCity":"","_VenueCountry":"","_VenueProvince":"","_VenueState":"","_VenueZip":"","_VenuePhone":"","_VenueURL":"","_VenueStateProvince":"","_VenueLat":"","_VenueLng":"","_VenueShowMap":false,"_VenueShowMapLink":false,"footnotes":""},"categories":[22],"tags":[],"class_list":["post-3367","post","type-post","status-publish","format-standard","has-post-thumbnail","hentry","category-noticias"],"_links":{"self":[{"href":"https:\/\/colegiopatriciolynch.cl\/inicio\/wp-json\/wp\/v2\/posts\/3367","targetHints":{"allow":["GET"]}}],"collection":[{"href":"https:\/\/colegiopatriciolynch.cl\/inicio\/wp-json\/wp\/v2\/posts"}],"about":[{"href":"https:\/\/colegiopatriciolynch.cl\/inicio\/wp-json\/wp\/v2\/types\/post"}],"author":[{"embeddable":true,"href":"https:\/\/colegiopatriciolynch.cl\/inicio\/wp-json\/wp\/v2\/users\/3"}],"replies":[{"embeddable":true,"href":"https:\/\/colegiopatriciolynch.cl\/inicio\/wp-json\/wp\/v2\/comments?post=3367"}],"version-history":[{"count":13,"href":"https:\/\/colegiopatriciolynch.cl\/inicio\/wp-json\/wp\/v2\/posts\/3367\/revisions"}],"predecessor-version":[{"id":3491,"href":"https:\/\/colegiopatriciolynch.cl\/inicio\/wp-json\/wp\/v2\/posts\/3367\/revisions\/3491"}],"wp:featuredmedia":[{"embeddable":true,"href":"https:\/\/colegiopatriciolynch.cl\/inicio\/wp-json\/wp\/v2\/media\/3372"}],"wp:attachment":[{"href":"https:\/\/colegiopatriciolynch.cl\/inicio\/wp-json\/wp\/v2\/media?parent=3367"}],"wp:term":[{"taxonomy":"category","embeddable":true,"href":"https:\/\/colegiopatriciolynch.cl\/inicio\/wp-json\/wp\/v2\/categories?post=3367"},{"taxonomy":"post_tag","embeddable":true,"href":"https:\/\/colegiopatriciolynch.cl\/inicio\/wp-json\/wp\/v2\/tags?post=3367"}],"curies":[{"name":"wp","href":"https:\/\/api.w.org\/{rel}","templated":true}]}}