{"id":3339,"date":"2023-12-06T18:27:21","date_gmt":"2023-12-06T18:27:21","guid":{"rendered":"https:\/\/colegiopatriciolynch.cl\/inicio\/?p=3339"},"modified":"2024-03-18T15:29:02","modified_gmt":"2024-03-18T15:29:02","slug":"modificaciones-calendario-sistema-de-admision-escolar","status":"publish","type":"post","link":"https:\/\/colegiopatriciolynch.cl\/inicio\/modificaciones-calendario-sistema-de-admision-escolar\/","title":{"rendered":"Modificaciones Calendario Sistema de Admision Escolar"},"content":{"rendered":"\t\t<div data-elementor-type=\"wp-post\" data-elementor-id=\"3339\" class=\"elementor elementor-3339\" data-elementor-post-type=\"post\">\n\t\t\t\t\t\t<section class=\"elementor-section elementor-top-section elementor-element elementor-element-6cb9596 elementor-section-boxed elementor-section-height-default elementor-section-height-default\" data-id=\"6cb9596\" data-element_type=\"section\" data-e-type=\"section\">\n\t\t\t\t\t\t<div class=\"elementor-container elementor-column-gap-default\">\n\t\t\t\t\t<div class=\"elementor-column elementor-col-100 elementor-top-column elementor-element elementor-element-4b5cfe3\" data-id=\"4b5cfe3\" data-element_type=\"column\" data-e-type=\"column\">\n\t\t\t<div class=\"elementor-widget-wrap elementor-element-populated\">\n\t\t\t\t\t\t<div class=\"elementor-element elementor-element-acd51da elementor-widget elementor-widget-text-editor\" data-id=\"acd51da\" data-element_type=\"widget\" data-e-type=\"widget\" data-widget_type=\"text-editor.default\">\n\t\t\t\t<div class=\"elementor-widget-container\">\n\t\t\t\t\t\t\t\t\t<ol style=\"color: #222222; font-family: Arial, Helvetica, sans-serif; font-size: small; margin-top: 0cm;\" start=\"1\" type=\"1\"><li style=\"margin-left: 0cm;\">Resultados: estar\u00e1 disponible ma\u00f1ana a las 9:00 hrs. Debido a que es un periodo complementario, la informaci\u00f3n de los resultados no tiene interacci\u00f3n con el\/la apoderado\/a. Por lo tanto, la orientaci\u00f3n para los\/as apoderados\/as consiste en que descarguen su comprobante.\u00a0<b>Aquellos postulantes que hayan sido asignados por cercan\u00eda o no hayan tenido asignaci\u00f3n en este periodo, tendr\u00e1n un periodo de regularizaci\u00f3n exclusiva (s\u00f3lo para los EE a los que postularon en alguno de los periodos) los d\u00edas 04 y 05 de enero. Todo mediante An\u00f3tate en la Lista, Vacantes 2024, que estar\u00e1 disponible en\u00a0<a style=\"color: #1155cc;\" href=\"http:\/\/www.sistemadeadmisionescolar.cl\/\" target=\"_blank\" rel=\"noopener\" data-saferedirecturl=\"https:\/\/www.google.com\/url?q=http:\/\/www.sistemadeadmisionescolar.cl\/&amp;source=gmail&amp;ust=1701971112344000&amp;usg=AOvVaw1nGuN_fx3Z6TxdcALUHVvl\">www.sistemadeadmisionescolar.<wbr \/>cl<\/a>. El periodo de regularizaci\u00f3n general a\u00f1o lectivo 2024 inicia el d\u00eda Lunes 8 de enero del 2024 en nuestra regi\u00f3n, mediante An\u00f3tate en la lista, donde prontamente se informara sobre el funcionamiento de este nuevo sistema. (adjunto Rex. 6198 que modifica el calendario SAE)<\/b>\u00a0<\/li><\/ol><p style=\"color: #222222; font-family: Arial, Helvetica, sans-serif; font-size: small;\">\u00a0<\/p><ol style=\"color: #222222; font-family: Arial, Helvetica, sans-serif; font-size: small; margin-top: 0cm;\" start=\"2\" type=\"1\"><li style=\"margin-left: 0cm;\">Listas SIGE: los listados estar\u00e1n disponibles ma\u00f1ana, 07 de diciembre, a las 9:00hrs en el SIGE. Esto implica que todos los EE tendr\u00e1n un listado para cada curso que indicar\u00e1:<u><\/u><u><\/u><\/li><\/ol><p style=\"color: #222222; font-family: Arial, Helvetica, sans-serif; font-size: small; margin-left: 90pt;\"><u><\/u><span style=\"font-size: 10pt; font-family: Symbol;\">\u00b7<span style=\"font-variant-numeric: normal; font-variant-east-asian: normal; font-variant-alternates: normal; font-kerning: auto; font-optical-sizing: auto; font-feature-settings: normal; font-variation-settings: normal; font-variant-position: normal; font-stretch: normal; font-size: 7pt; line-height: normal; font-family: 'Times New Roman';\">\u00a0\u00a0\u00a0\u00a0\u00a0\u00a0\u00a0\u00a0\u00a0<\/span><\/span><u><\/u>Alumno contin\u00faa: para todos\/as los\/as estudiantes que estaban en el nivel anterior y que no fueron asignados\/as en otro establecimiento.<u><\/u><u><\/u><\/p><p style=\"color: #222222; font-family: Arial, Helvetica, sans-serif; font-size: small; margin-left: 90pt;\"><u><\/u><span style=\"font-size: 10pt; font-family: Symbol;\">\u00b7<span style=\"font-variant-numeric: normal; font-variant-east-asian: normal; font-variant-alternates: normal; font-kerning: auto; font-optical-sizing: auto; font-feature-settings: normal; font-variation-settings: normal; font-variant-position: normal; font-stretch: normal; font-size: 7pt; line-height: normal; font-family: 'Times New Roman';\">\u00a0\u00a0\u00a0\u00a0\u00a0\u00a0\u00a0\u00a0\u00a0<\/span><\/span><u><\/u>Alumno se va: para todos\/as los\/as estudiantes que estaban en el nivel anterior y que fueron asignados\/as a otro establecimiento.<u><\/u><u><\/u><\/p><p style=\"color: #222222; font-family: Arial, Helvetica, sans-serif; font-size: small; margin-left: 90pt;\"><u><\/u><span style=\"font-size: 10pt; font-family: Symbol;\">\u00b7<span style=\"font-variant-numeric: normal; font-variant-east-asian: normal; font-variant-alternates: normal; font-kerning: auto; font-optical-sizing: auto; font-feature-settings: normal; font-variation-settings: normal; font-variant-position: normal; font-stretch: normal; font-size: 7pt; line-height: normal; font-family: 'Times New Roman';\">\u00a0\u00a0\u00a0\u00a0\u00a0\u00a0\u00a0\u00a0\u00a0<\/span><\/span><u><\/u>Alumno nuevo\/a: para todos\/as los\/as estudiantes que fueron asignados a ese nivel por SAE.\u00a0<b><u>Es importante que en este periodo se puedan matricular los\/as alumnos\/as repitentes. (Antes que el periodo exclusivo de regularizaci\u00f3n).<\/u>\u00a0Los alumnos\/as que repitan de curso y que hayan sido asignados a un EE, tendr\u00e1n un periodo de regularizaci\u00f3n exclusiva (s\u00f3lo para el EE asignado) el d\u00eda 03 de enero. Todo mediante An\u00f3tate en la Lista, Vacantes 2024, que estar\u00e1 disponible en\u00a0<a style=\"color: #1155cc;\" href=\"http:\/\/www.sistemadeadmisionescolar.cl\/\" target=\"_blank\" rel=\"noopener\" data-saferedirecturl=\"https:\/\/www.google.com\/url?q=http:\/\/www.sistemadeadmisionescolar.cl\/&amp;source=gmail&amp;ust=1701971112344000&amp;usg=AOvVaw1nGuN_fx3Z6TxdcALUHVvl\">www.sistemadeadmisionescolar.<wbr \/>cl<\/a>.<\/b><\/p>\t\t\t\t\t\t\t\t<\/div>\n\t\t\t\t<\/div>\n\t\t\t\t\t<\/div>\n\t\t<\/div>\n\t\t\t\t\t<\/div>\n\t\t<\/section>\n\t\t\t\t<section class=\"elementor-section elementor-top-section elementor-element elementor-element-f299049 elementor-section-boxed elementor-section-height-default elementor-section-height-default\" data-id=\"f299049\" data-element_type=\"section\" data-e-type=\"section\">\n\t\t\t\t\t\t<div class=\"elementor-container elementor-column-gap-default\">\n\t\t\t\t\t<div class=\"elementor-column elementor-col-33 elementor-top-column elementor-element elementor-element-a2b05fb\" data-id=\"a2b05fb\" data-element_type=\"column\" data-e-type=\"column\">\n\t\t\t<div class=\"elementor-widget-wrap\">\n\t\t\t\t\t\t\t<\/div>\n\t\t<\/div>\n\t\t\t\t<div class=\"elementor-column elementor-col-33 elementor-top-column elementor-element elementor-element-fb35133\" data-id=\"fb35133\" data-element_type=\"column\" data-e-type=\"column\">\n\t\t\t<div class=\"elementor-widget-wrap elementor-element-populated\">\n\t\t\t\t\t\t<div class=\"elementor-element elementor-element-2ef0ae4 elementor-align-justify elementor-widget__width-initial elementor-widget elementor-widget-button\" data-id=\"2ef0ae4\" data-element_type=\"widget\" data-e-type=\"widget\" data-widget_type=\"button.default\">\n\t\t\t\t<div class=\"elementor-widget-container\">\n\t\t\t\t\t\t\t\t\t<div class=\"elementor-button-wrapper\">\n\t\t\t\t\t<a class=\"elementor-button elementor-button-link elementor-size-sm\" href=\"https:\/\/colegiopatriciolynch.cl\/inicio\/wp-content\/uploads\/2023\/12\/FORMATO-COMPROBANTE-DE-MATRICULA-ANO-ESCOLAR-2024.pdf\" target=\"_blank\">\n\t\t\t\t\t\t<span class=\"elementor-button-content-wrapper\">\n\t\t\t\t\t\t\t\t\t<span class=\"elementor-button-text\">Descargar <\/span>\n\t\t\t\t\t<\/span>\n\t\t\t\t\t<\/a>\n\t\t\t\t<\/div>\n\t\t\t\t\t\t\t\t<\/div>\n\t\t\t\t<\/div>\n\t\t\t\t\t<\/div>\n\t\t<\/div>\n\t\t\t\t<div class=\"elementor-column elementor-col-33 elementor-top-column elementor-element elementor-element-2559658\" data-id=\"2559658\" data-element_type=\"column\" data-e-type=\"column\">\n\t\t\t<div class=\"elementor-widget-wrap\">\n\t\t\t\t\t\t\t<\/div>\n\t\t<\/div>\n\t\t\t\t\t<\/div>\n\t\t<\/section>\n\t\t\t\t<\/div>\n\t\t","protected":false},"excerpt":{"rendered":"<p>Resultados: estar\u00e1 disponible ma\u00f1ana a las 9:00 hrs. Debido a que es un periodo complementario, la informaci\u00f3n de los resultados no tiene interacci\u00f3n con el\/la apoderado\/a. Por lo tanto, la &#8230; <a title=\"Modificaciones Calendario Sistema de Admision Escolar\" class=\"read-more\" href=\"https:\/\/colegiopatriciolynch.cl\/inicio\/modificaciones-calendario-sistema-de-admision-escolar\/\" aria-label=\"Leer m\u00e1s sobre Modificaciones Calendario Sistema de Admision Escolar\">Leer m\u00e1s<\/a><\/p>\n","protected":false},"author":3,"featured_media":2411,"comment_status":"closed","ping_status":"open","sticky":false,"template":"","format":"standard","meta":{"_EventAllDay":false,"_EventTimezone":"","_EventStartDate":"","_EventEndDate":"","_EventStartDateUTC":"","_EventEndDateUTC":"","_EventShowMap":false,"_EventShowMapLink":false,"_EventURL":"","_EventCost":"","_EventCostDescription":"","_EventCurrencySymbol":"","_EventCurrencyCode":"","_EventCurrencyPosition":"","_EventDateTimeSeparator":"","_EventTimeRangeSeparator":"","_EventOrganizerID":[],"_EventVenueID":[],"_OrganizerEmail":"","_OrganizerPhone":"","_OrganizerWebsite":"","_VenueAddress":"","_VenueCity":"","_VenueCountry":"","_VenueProvince":"","_VenueState":"","_VenueZip":"","_VenuePhone":"","_VenueURL":"","_VenueStateProvince":"","_VenueLat":"","_VenueLng":"","_VenueShowMap":false,"_VenueShowMapLink":false,"footnotes":""},"categories":[22],"tags":[],"class_list":["post-3339","post","type-post","status-publish","format-standard","has-post-thumbnail","hentry","category-noticias"],"_links":{"self":[{"href":"https:\/\/colegiopatriciolynch.cl\/inicio\/wp-json\/wp\/v2\/posts\/3339","targetHints":{"allow":["GET"]}}],"collection":[{"href":"https:\/\/colegiopatriciolynch.cl\/inicio\/wp-json\/wp\/v2\/posts"}],"about":[{"href":"https:\/\/colegiopatriciolynch.cl\/inicio\/wp-json\/wp\/v2\/types\/post"}],"author":[{"embeddable":true,"href":"https:\/\/colegiopatriciolynch.cl\/inicio\/wp-json\/wp\/v2\/users\/3"}],"replies":[{"embeddable":true,"href":"https:\/\/colegiopatriciolynch.cl\/inicio\/wp-json\/wp\/v2\/comments?post=3339"}],"version-history":[{"count":4,"href":"https:\/\/colegiopatriciolynch.cl\/inicio\/wp-json\/wp\/v2\/posts\/3339\/revisions"}],"predecessor-version":[{"id":3345,"href":"https:\/\/colegiopatriciolynch.cl\/inicio\/wp-json\/wp\/v2\/posts\/3339\/revisions\/3345"}],"wp:featuredmedia":[{"embeddable":true,"href":"https:\/\/colegiopatriciolynch.cl\/inicio\/wp-json\/wp\/v2\/media\/2411"}],"wp:attachment":[{"href":"https:\/\/colegiopatriciolynch.cl\/inicio\/wp-json\/wp\/v2\/media?parent=3339"}],"wp:term":[{"taxonomy":"category","embeddable":true,"href":"https:\/\/colegiopatriciolynch.cl\/inicio\/wp-json\/wp\/v2\/categories?post=3339"},{"taxonomy":"post_tag","embeddable":true,"href":"https:\/\/colegiopatriciolynch.cl\/inicio\/wp-json\/wp\/v2\/tags?post=3339"}],"curies":[{"name":"wp","href":"https:\/\/api.w.org\/{rel}","templated":true}]}}