{"id":2441,"date":"2023-08-01T13:04:05","date_gmt":"2023-08-01T13:04:05","guid":{"rendered":"https:\/\/colegiopatriciolynch.cl\/inicio\/?p=2441"},"modified":"2024-03-18T15:29:03","modified_gmt":"2024-03-18T15:29:03","slug":"inauguracion-de-sala-para-educadoras-diferenciales","status":"publish","type":"post","link":"https:\/\/colegiopatriciolynch.cl\/inicio\/inauguracion-de-sala-para-educadoras-diferenciales\/","title":{"rendered":"INAUGURACI\u00d3N DE SALA PARA EDUCADORAS DIFERENCIALES"},"content":{"rendered":"\t\t<div data-elementor-type=\"wp-post\" data-elementor-id=\"2441\" class=\"elementor elementor-2441\" data-elementor-post-type=\"post\">\n\t\t\t\t\t\t<section class=\"elementor-section elementor-top-section elementor-element elementor-element-9464265 elementor-section-boxed elementor-section-height-default elementor-section-height-default\" data-id=\"9464265\" data-element_type=\"section\" data-e-type=\"section\">\n\t\t\t\t\t\t<div class=\"elementor-container elementor-column-gap-default\">\n\t\t\t\t\t<div class=\"elementor-column elementor-col-100 elementor-top-column elementor-element elementor-element-bdfe8ef\" data-id=\"bdfe8ef\" data-element_type=\"column\" data-e-type=\"column\">\n\t\t\t<div class=\"elementor-widget-wrap elementor-element-populated\">\n\t\t\t\t\t\t<div class=\"elementor-element elementor-element-52741cf elementor-widget elementor-widget-text-editor\" data-id=\"52741cf\" data-element_type=\"widget\" data-e-type=\"widget\" data-widget_type=\"text-editor.default\">\n\t\t\t\t<div class=\"elementor-widget-container\">\n\t\t\t\t\t\t\t\t\t<p>El d\u00eda 24 de Julio se inaugur\u00f3 una sala para las Educadoras Diferenciales, quienes desde ahora podr\u00e1n contar con un espacio exclusivo para su trabajo y el de los estudiantes con necesidades educativas especiales del establecimiento.<\/p>\t\t\t\t\t\t\t\t<\/div>\n\t\t\t\t<\/div>\n\t\t\t\t\t<\/div>\n\t\t<\/div>\n\t\t\t\t\t<\/div>\n\t\t<\/section>\n\t\t\t\t<section class=\"elementor-section elementor-top-section elementor-element elementor-element-e7d5814 elementor-section-boxed elementor-section-height-default elementor-section-height-default\" data-id=\"e7d5814\" data-element_type=\"section\" data-e-type=\"section\">\n\t\t\t\t\t\t<div class=\"elementor-container elementor-column-gap-default\">\n\t\t\t\t\t<div class=\"elementor-column elementor-col-100 elementor-top-column elementor-element elementor-element-d63e660\" data-id=\"d63e660\" data-element_type=\"column\" data-e-type=\"column\">\n\t\t\t<div class=\"elementor-widget-wrap elementor-element-populated\">\n\t\t\t\t\t\t<div class=\"elementor-element elementor-element-d022615 elementor-widget elementor-widget-gallery\" data-id=\"d022615\" data-element_type=\"widget\" data-e-type=\"widget\" data-settings=\"{&quot;columns&quot;:3,&quot;lazyload&quot;:&quot;yes&quot;,&quot;gallery_layout&quot;:&quot;grid&quot;,&quot;columns_tablet&quot;:2,&quot;columns_mobile&quot;:1,&quot;gap&quot;:{&quot;unit&quot;:&quot;px&quot;,&quot;size&quot;:10,&quot;sizes&quot;:[]},&quot;gap_tablet&quot;:{&quot;unit&quot;:&quot;px&quot;,&quot;size&quot;:10,&quot;sizes&quot;:[]},&quot;gap_mobile&quot;:{&quot;unit&quot;:&quot;px&quot;,&quot;size&quot;:10,&quot;sizes&quot;:[]},&quot;link_to&quot;:&quot;file&quot;,&quot;aspect_ratio&quot;:&quot;3:2&quot;,&quot;overlay_background&quot;:&quot;yes&quot;,&quot;content_hover_animation&quot;:&quot;fade-in&quot;}\" data-widget_type=\"gallery.default\">\n\t\t\t\t<div class=\"elementor-widget-container\">\n\t\t\t\t\t\t\t<div class=\"elementor-gallery__container\">\n\t\t\t\t\t\t\t<a class=\"e-gallery-item elementor-gallery-item elementor-animated-content\" href=\"https:\/\/colegiopatriciolynch.cl\/inicio\/wp-content\/uploads\/2023\/08\/IMG_2377-scaled.jpg\" data-elementor-open-lightbox=\"yes\" data-elementor-lightbox-slideshow=\"d022615\" data-elementor-lightbox-title=\"IMG_2377\" data-e-action-hash=\"#elementor-action%3Aaction%3Dlightbox%26settings%3DeyJpZCI6MjQ0NCwidXJsIjoiaHR0cHM6XC9cL2NvbGVnaW9wYXRyaWNpb2x5bmNoLmNsXC9pbmljaW9cL3dwLWNvbnRlbnRcL3VwbG9hZHNcLzIwMjNcLzA4XC9JTUdfMjM3Ny1zY2FsZWQuanBnIiwic2xpZGVzaG93IjoiZDAyMjYxNSJ9\">\n\t\t\t\t\t<div class=\"e-gallery-image elementor-gallery-item__image\" data-thumbnail=\"https:\/\/colegiopatriciolynch.cl\/inicio\/wp-content\/uploads\/2023\/08\/IMG_2377-300x200.jpg\" data-width=\"300\" data-height=\"200\" aria-label=\"\" role=\"img\" ><\/div>\n\t\t\t\t\t\t\t\t\t\t\t<div class=\"elementor-gallery-item__overlay\"><\/div>\n\t\t\t\t\t\t\t\t\t\t\t\t\t\t<\/a>\n\t\t\t\t\t\t\t<a class=\"e-gallery-item elementor-gallery-item elementor-animated-content\" href=\"https:\/\/colegiopatriciolynch.cl\/inicio\/wp-content\/uploads\/2023\/08\/IMG_2383-scaled.jpg\" data-elementor-open-lightbox=\"yes\" data-elementor-lightbox-slideshow=\"d022615\" data-elementor-lightbox-title=\"IMG_2383\" data-e-action-hash=\"#elementor-action%3Aaction%3Dlightbox%26settings%3DeyJpZCI6MjQ0MywidXJsIjoiaHR0cHM6XC9cL2NvbGVnaW9wYXRyaWNpb2x5bmNoLmNsXC9pbmljaW9cL3dwLWNvbnRlbnRcL3VwbG9hZHNcLzIwMjNcLzA4XC9JTUdfMjM4My1zY2FsZWQuanBnIiwic2xpZGVzaG93IjoiZDAyMjYxNSJ9\">\n\t\t\t\t\t<div class=\"e-gallery-image elementor-gallery-item__image\" data-thumbnail=\"https:\/\/colegiopatriciolynch.cl\/inicio\/wp-content\/uploads\/2023\/08\/IMG_2383-300x200.jpg\" data-width=\"300\" data-height=\"200\" aria-label=\"\" role=\"img\" ><\/div>\n\t\t\t\t\t\t\t\t\t\t\t<div class=\"elementor-gallery-item__overlay\"><\/div>\n\t\t\t\t\t\t\t\t\t\t\t\t\t\t<\/a>\n\t\t\t\t\t\t\t<a class=\"e-gallery-item elementor-gallery-item elementor-animated-content\" href=\"https:\/\/colegiopatriciolynch.cl\/inicio\/wp-content\/uploads\/2023\/08\/IMG_2363-scaled.jpg\" data-elementor-open-lightbox=\"yes\" data-elementor-lightbox-slideshow=\"d022615\" data-elementor-lightbox-title=\"IMG_2363\" data-e-action-hash=\"#elementor-action%3Aaction%3Dlightbox%26settings%3DeyJpZCI6MjQ0MiwidXJsIjoiaHR0cHM6XC9cL2NvbGVnaW9wYXRyaWNpb2x5bmNoLmNsXC9pbmljaW9cL3dwLWNvbnRlbnRcL3VwbG9hZHNcLzIwMjNcLzA4XC9JTUdfMjM2My1zY2FsZWQuanBnIiwic2xpZGVzaG93IjoiZDAyMjYxNSJ9\">\n\t\t\t\t\t<div class=\"e-gallery-image elementor-gallery-item__image\" data-thumbnail=\"https:\/\/colegiopatriciolynch.cl\/inicio\/wp-content\/uploads\/2023\/08\/IMG_2363-300x200.jpg\" data-width=\"300\" data-height=\"200\" aria-label=\"\" role=\"img\" ><\/div>\n\t\t\t\t\t\t\t\t\t\t\t<div class=\"elementor-gallery-item__overlay\"><\/div>\n\t\t\t\t\t\t\t\t\t\t\t\t\t\t<\/a>\n\t\t\t\t\t<\/div>\n\t\t\t\t\t<\/div>\n\t\t\t\t<\/div>\n\t\t\t\t\t<\/div>\n\t\t<\/div>\n\t\t\t\t\t<\/div>\n\t\t<\/section>\n\t\t\t\t<\/div>\n\t\t","protected":false},"excerpt":{"rendered":"<p>El d\u00eda 24 de Julio se inaugur\u00f3 una sala para las Educadoras Diferenciales, quienes desde ahora podr\u00e1n contar con un espacio exclusivo para su trabajo y el de los estudiantes &#8230; <a title=\"INAUGURACI\u00d3N DE SALA PARA EDUCADORAS DIFERENCIALES\" class=\"read-more\" href=\"https:\/\/colegiopatriciolynch.cl\/inicio\/inauguracion-de-sala-para-educadoras-diferenciales\/\" aria-label=\"Leer m\u00e1s sobre INAUGURACI\u00d3N DE SALA PARA EDUCADORAS DIFERENCIALES\">Leer m\u00e1s<\/a><\/p>\n","protected":false},"author":3,"featured_media":2444,"comment_status":"closed","ping_status":"open","sticky":false,"template":"","format":"standard","meta":{"_EventAllDay":false,"_EventTimezone":"","_EventStartDate":"","_EventEndDate":"","_EventStartDateUTC":"","_EventEndDateUTC":"","_EventShowMap":false,"_EventShowMapLink":false,"_EventURL":"","_EventCost":"","_EventCostDescription":"","_EventCurrencySymbol":"","_EventCurrencyCode":"","_EventCurrencyPosition":"","_EventDateTimeSeparator":"","_EventTimeRangeSeparator":"","_EventOrganizerID":[],"_EventVenueID":[],"_OrganizerEmail":"","_OrganizerPhone":"","_OrganizerWebsite":"","_VenueAddress":"","_VenueCity":"","_VenueCountry":"","_VenueProvince":"","_VenueState":"","_VenueZip":"","_VenuePhone":"","_VenueURL":"","_VenueStateProvince":"","_VenueLat":"","_VenueLng":"","_VenueShowMap":false,"_VenueShowMapLink":false,"footnotes":""},"categories":[22],"tags":[],"class_list":["post-2441","post","type-post","status-publish","format-standard","has-post-thumbnail","hentry","category-noticias"],"_links":{"self":[{"href":"https:\/\/colegiopatriciolynch.cl\/inicio\/wp-json\/wp\/v2\/posts\/2441","targetHints":{"allow":["GET"]}}],"collection":[{"href":"https:\/\/colegiopatriciolynch.cl\/inicio\/wp-json\/wp\/v2\/posts"}],"about":[{"href":"https:\/\/colegiopatriciolynch.cl\/inicio\/wp-json\/wp\/v2\/types\/post"}],"author":[{"embeddable":true,"href":"https:\/\/colegiopatriciolynch.cl\/inicio\/wp-json\/wp\/v2\/users\/3"}],"replies":[{"embeddable":true,"href":"https:\/\/colegiopatriciolynch.cl\/inicio\/wp-json\/wp\/v2\/comments?post=2441"}],"version-history":[{"count":4,"href":"https:\/\/colegiopatriciolynch.cl\/inicio\/wp-json\/wp\/v2\/posts\/2441\/revisions"}],"predecessor-version":[{"id":2448,"href":"https:\/\/colegiopatriciolynch.cl\/inicio\/wp-json\/wp\/v2\/posts\/2441\/revisions\/2448"}],"wp:featuredmedia":[{"embeddable":true,"href":"https:\/\/colegiopatriciolynch.cl\/inicio\/wp-json\/wp\/v2\/media\/2444"}],"wp:attachment":[{"href":"https:\/\/colegiopatriciolynch.cl\/inicio\/wp-json\/wp\/v2\/media?parent=2441"}],"wp:term":[{"taxonomy":"category","embeddable":true,"href":"https:\/\/colegiopatriciolynch.cl\/inicio\/wp-json\/wp\/v2\/categories?post=2441"},{"taxonomy":"post_tag","embeddable":true,"href":"https:\/\/colegiopatriciolynch.cl\/inicio\/wp-json\/wp\/v2\/tags?post=2441"}],"curies":[{"name":"wp","href":"https:\/\/api.w.org\/{rel}","templated":true}]}}