{"id":2427,"date":"2023-08-01T12:58:59","date_gmt":"2023-08-01T12:58:59","guid":{"rendered":"https:\/\/colegiopatriciolynch.cl\/inicio\/?p=2427"},"modified":"2024-03-18T15:29:03","modified_gmt":"2024-03-18T15:29:03","slug":"aniversario-23o-del-colegio-patricio-lynch","status":"publish","type":"post","link":"https:\/\/colegiopatriciolynch.cl\/inicio\/aniversario-23o-del-colegio-patricio-lynch\/","title":{"rendered":"ANIVERSARIO 23\u00ba DEL COLEGIO PATRICIO LYNCH"},"content":{"rendered":"\t\t<div data-elementor-type=\"wp-post\" data-elementor-id=\"2427\" class=\"elementor elementor-2427\" data-elementor-post-type=\"post\">\n\t\t\t\t\t\t<section class=\"elementor-section elementor-top-section elementor-element elementor-element-0fa32d4 elementor-section-boxed elementor-section-height-default elementor-section-height-default\" data-id=\"0fa32d4\" data-element_type=\"section\" data-e-type=\"section\">\n\t\t\t\t\t\t<div class=\"elementor-container elementor-column-gap-default\">\n\t\t\t\t\t<div class=\"elementor-column elementor-col-100 elementor-top-column elementor-element elementor-element-8a921ea\" data-id=\"8a921ea\" data-element_type=\"column\" data-e-type=\"column\">\n\t\t\t<div class=\"elementor-widget-wrap\">\n\t\t\t\t\t\t\t<\/div>\n\t\t<\/div>\n\t\t\t\t\t<\/div>\n\t\t<\/section>\n\t\t\t\t<section class=\"elementor-section elementor-top-section elementor-element elementor-element-bdccbba elementor-section-boxed elementor-section-height-default elementor-section-height-default\" data-id=\"bdccbba\" data-element_type=\"section\" data-e-type=\"section\">\n\t\t\t\t\t\t<div class=\"elementor-container elementor-column-gap-default\">\n\t\t\t\t\t<div class=\"elementor-column elementor-col-100 elementor-top-column elementor-element elementor-element-08c84a0\" data-id=\"08c84a0\" data-element_type=\"column\" data-e-type=\"column\">\n\t\t\t<div class=\"elementor-widget-wrap elementor-element-populated\">\n\t\t\t\t\t\t<div class=\"elementor-element elementor-element-f7661ee elementor-widget elementor-widget-text-editor\" data-id=\"f7661ee\" data-element_type=\"widget\" data-e-type=\"widget\" data-widget_type=\"text-editor.default\">\n\t\t\t\t<div class=\"elementor-widget-container\">\n\t\t\t\t\t\t\t\t\t<p>En una solemne ceremonia, el d\u00eda jueves 29 de junio se llev\u00f3 a cabo la conmemoraci\u00f3n del vig\u00e9simo tercer aniversario de nuestro colegio, establecimiento educacional perteneciente a la Fundaci\u00f3n \u201cAlmirante Carlos Condell\u201d que naci\u00f3 el a\u00f1o 2000 para brindar educaci\u00f3n de calidad, inclusiva y de alta exigencia a ni\u00f1os y ni\u00f1as.<\/p><p>La actividad cont\u00f3 con representantes de todos los estamentos de la Comunidad Educativa y en la ocasi\u00f3n se reconoci\u00f3 a aquellos funcionarios que cumplieron a\u00f1os de servicios<\/p>\t\t\t\t\t\t\t\t<\/div>\n\t\t\t\t<\/div>\n\t\t\t\t<div class=\"elementor-element elementor-element-32eb9c9 elementor-widget elementor-widget-gallery\" data-id=\"32eb9c9\" data-element_type=\"widget\" data-e-type=\"widget\" data-settings=\"{&quot;columns&quot;:6,&quot;lazyload&quot;:&quot;yes&quot;,&quot;gallery_layout&quot;:&quot;grid&quot;,&quot;columns_tablet&quot;:2,&quot;columns_mobile&quot;:1,&quot;gap&quot;:{&quot;unit&quot;:&quot;px&quot;,&quot;size&quot;:10,&quot;sizes&quot;:[]},&quot;gap_tablet&quot;:{&quot;unit&quot;:&quot;px&quot;,&quot;size&quot;:10,&quot;sizes&quot;:[]},&quot;gap_mobile&quot;:{&quot;unit&quot;:&quot;px&quot;,&quot;size&quot;:10,&quot;sizes&quot;:[]},&quot;link_to&quot;:&quot;file&quot;,&quot;aspect_ratio&quot;:&quot;3:2&quot;,&quot;overlay_background&quot;:&quot;yes&quot;,&quot;content_hover_animation&quot;:&quot;fade-in&quot;}\" data-widget_type=\"gallery.default\">\n\t\t\t\t<div class=\"elementor-widget-container\">\n\t\t\t\t\t\t\t<div class=\"elementor-gallery__container\">\n\t\t\t\t\t\t\t<a class=\"e-gallery-item elementor-gallery-item elementor-animated-content\" href=\"https:\/\/colegiopatriciolynch.cl\/inicio\/wp-content\/uploads\/2023\/08\/IMG_2282-scaled.jpg\" data-elementor-open-lightbox=\"yes\" data-elementor-lightbox-slideshow=\"32eb9c9\" data-elementor-lightbox-title=\"IMG_2282\" data-e-action-hash=\"#elementor-action%3Aaction%3Dlightbox%26settings%3DeyJpZCI6MjQzMywidXJsIjoiaHR0cHM6XC9cL2NvbGVnaW9wYXRyaWNpb2x5bmNoLmNsXC9pbmljaW9cL3dwLWNvbnRlbnRcL3VwbG9hZHNcLzIwMjNcLzA4XC9JTUdfMjI4Mi1zY2FsZWQuanBnIiwic2xpZGVzaG93IjoiMzJlYjljOSJ9\">\n\t\t\t\t\t<div class=\"e-gallery-image elementor-gallery-item__image\" data-thumbnail=\"https:\/\/colegiopatriciolynch.cl\/inicio\/wp-content\/uploads\/2023\/08\/IMG_2282-300x200.jpg\" data-width=\"300\" data-height=\"200\" aria-label=\"\" role=\"img\" ><\/div>\n\t\t\t\t\t\t\t\t\t\t\t<div class=\"elementor-gallery-item__overlay\"><\/div>\n\t\t\t\t\t\t\t\t\t\t\t\t\t\t<\/a>\n\t\t\t\t\t\t\t<a class=\"e-gallery-item elementor-gallery-item elementor-animated-content\" href=\"https:\/\/colegiopatriciolynch.cl\/inicio\/wp-content\/uploads\/2023\/08\/IMG_2308-scaled.jpg\" data-elementor-open-lightbox=\"yes\" data-elementor-lightbox-slideshow=\"32eb9c9\" data-elementor-lightbox-title=\"IMG_2308\" data-e-action-hash=\"#elementor-action%3Aaction%3Dlightbox%26settings%3DeyJpZCI6MjQzMiwidXJsIjoiaHR0cHM6XC9cL2NvbGVnaW9wYXRyaWNpb2x5bmNoLmNsXC9pbmljaW9cL3dwLWNvbnRlbnRcL3VwbG9hZHNcLzIwMjNcLzA4XC9JTUdfMjMwOC1zY2FsZWQuanBnIiwic2xpZGVzaG93IjoiMzJlYjljOSJ9\">\n\t\t\t\t\t<div class=\"e-gallery-image elementor-gallery-item__image\" data-thumbnail=\"https:\/\/colegiopatriciolynch.cl\/inicio\/wp-content\/uploads\/2023\/08\/IMG_2308-300x200.jpg\" data-width=\"300\" data-height=\"200\" aria-label=\"\" role=\"img\" ><\/div>\n\t\t\t\t\t\t\t\t\t\t\t<div class=\"elementor-gallery-item__overlay\"><\/div>\n\t\t\t\t\t\t\t\t\t\t\t\t\t\t<\/a>\n\t\t\t\t\t\t\t<a class=\"e-gallery-item elementor-gallery-item elementor-animated-content\" href=\"https:\/\/colegiopatriciolynch.cl\/inicio\/wp-content\/uploads\/2023\/08\/IMG_2290-scaled.jpg\" data-elementor-open-lightbox=\"yes\" data-elementor-lightbox-slideshow=\"32eb9c9\" data-elementor-lightbox-title=\"IMG_2290\" data-e-action-hash=\"#elementor-action%3Aaction%3Dlightbox%26settings%3DeyJpZCI6MjQzMSwidXJsIjoiaHR0cHM6XC9cL2NvbGVnaW9wYXRyaWNpb2x5bmNoLmNsXC9pbmljaW9cL3dwLWNvbnRlbnRcL3VwbG9hZHNcLzIwMjNcLzA4XC9JTUdfMjI5MC1zY2FsZWQuanBnIiwic2xpZGVzaG93IjoiMzJlYjljOSJ9\">\n\t\t\t\t\t<div class=\"e-gallery-image elementor-gallery-item__image\" data-thumbnail=\"https:\/\/colegiopatriciolynch.cl\/inicio\/wp-content\/uploads\/2023\/08\/IMG_2290-300x200.jpg\" data-width=\"300\" data-height=\"200\" aria-label=\"\" role=\"img\" ><\/div>\n\t\t\t\t\t\t\t\t\t\t\t<div class=\"elementor-gallery-item__overlay\"><\/div>\n\t\t\t\t\t\t\t\t\t\t\t\t\t\t<\/a>\n\t\t\t\t\t\t\t<a class=\"e-gallery-item elementor-gallery-item elementor-animated-content\" href=\"https:\/\/colegiopatriciolynch.cl\/inicio\/wp-content\/uploads\/2023\/08\/IMG_2265-scaled.jpg\" data-elementor-open-lightbox=\"yes\" data-elementor-lightbox-slideshow=\"32eb9c9\" data-elementor-lightbox-title=\"IMG_2265\" data-e-action-hash=\"#elementor-action%3Aaction%3Dlightbox%26settings%3DeyJpZCI6MjQzMCwidXJsIjoiaHR0cHM6XC9cL2NvbGVnaW9wYXRyaWNpb2x5bmNoLmNsXC9pbmljaW9cL3dwLWNvbnRlbnRcL3VwbG9hZHNcLzIwMjNcLzA4XC9JTUdfMjI2NS1zY2FsZWQuanBnIiwic2xpZGVzaG93IjoiMzJlYjljOSJ9\">\n\t\t\t\t\t<div class=\"e-gallery-image elementor-gallery-item__image\" data-thumbnail=\"https:\/\/colegiopatriciolynch.cl\/inicio\/wp-content\/uploads\/2023\/08\/IMG_2265-300x200.jpg\" data-width=\"300\" data-height=\"200\" aria-label=\"\" role=\"img\" ><\/div>\n\t\t\t\t\t\t\t\t\t\t\t<div class=\"elementor-gallery-item__overlay\"><\/div>\n\t\t\t\t\t\t\t\t\t\t\t\t\t\t<\/a>\n\t\t\t\t\t\t\t<a class=\"e-gallery-item elementor-gallery-item elementor-animated-content\" href=\"https:\/\/colegiopatriciolynch.cl\/inicio\/wp-content\/uploads\/2023\/08\/IMG_2240-scaled.jpg\" data-elementor-open-lightbox=\"yes\" data-elementor-lightbox-slideshow=\"32eb9c9\" data-elementor-lightbox-title=\"IMG_2240\" data-e-action-hash=\"#elementor-action%3Aaction%3Dlightbox%26settings%3DeyJpZCI6MjQyOSwidXJsIjoiaHR0cHM6XC9cL2NvbGVnaW9wYXRyaWNpb2x5bmNoLmNsXC9pbmljaW9cL3dwLWNvbnRlbnRcL3VwbG9hZHNcLzIwMjNcLzA4XC9JTUdfMjI0MC1zY2FsZWQuanBnIiwic2xpZGVzaG93IjoiMzJlYjljOSJ9\">\n\t\t\t\t\t<div class=\"e-gallery-image elementor-gallery-item__image\" data-thumbnail=\"https:\/\/colegiopatriciolynch.cl\/inicio\/wp-content\/uploads\/2023\/08\/IMG_2240-300x200.jpg\" data-width=\"300\" data-height=\"200\" aria-label=\"\" role=\"img\" ><\/div>\n\t\t\t\t\t\t\t\t\t\t\t<div class=\"elementor-gallery-item__overlay\"><\/div>\n\t\t\t\t\t\t\t\t\t\t\t\t\t\t<\/a>\n\t\t\t\t\t\t\t<a class=\"e-gallery-item elementor-gallery-item elementor-animated-content\" href=\"https:\/\/colegiopatriciolynch.cl\/inicio\/wp-content\/uploads\/2023\/08\/IMG_2297-scaled.jpg\" data-elementor-open-lightbox=\"yes\" data-elementor-lightbox-slideshow=\"32eb9c9\" data-elementor-lightbox-title=\"IMG_2297\" data-e-action-hash=\"#elementor-action%3Aaction%3Dlightbox%26settings%3DeyJpZCI6MjQyOCwidXJsIjoiaHR0cHM6XC9cL2NvbGVnaW9wYXRyaWNpb2x5bmNoLmNsXC9pbmljaW9cL3dwLWNvbnRlbnRcL3VwbG9hZHNcLzIwMjNcLzA4XC9JTUdfMjI5Ny1zY2FsZWQuanBnIiwic2xpZGVzaG93IjoiMzJlYjljOSJ9\">\n\t\t\t\t\t<div class=\"e-gallery-image elementor-gallery-item__image\" data-thumbnail=\"https:\/\/colegiopatriciolynch.cl\/inicio\/wp-content\/uploads\/2023\/08\/IMG_2297-300x200.jpg\" data-width=\"300\" data-height=\"200\" aria-label=\"\" role=\"img\" ><\/div>\n\t\t\t\t\t\t\t\t\t\t\t<div class=\"elementor-gallery-item__overlay\"><\/div>\n\t\t\t\t\t\t\t\t\t\t\t\t\t\t<\/a>\n\t\t\t\t\t<\/div>\n\t\t\t\t\t<\/div>\n\t\t\t\t<\/div>\n\t\t\t\t\t<\/div>\n\t\t<\/div>\n\t\t\t\t\t<\/div>\n\t\t<\/section>\n\t\t\t\t<\/div>\n\t\t","protected":false},"excerpt":{"rendered":"<p>En una solemne ceremonia, el d\u00eda jueves 29 de junio se llev\u00f3 a cabo la conmemoraci\u00f3n del vig\u00e9simo tercer aniversario de nuestro colegio, establecimiento educacional perteneciente a la Fundaci\u00f3n \u201cAlmirante &#8230; <a title=\"ANIVERSARIO 23\u00ba DEL COLEGIO PATRICIO LYNCH\" class=\"read-more\" href=\"https:\/\/colegiopatriciolynch.cl\/inicio\/aniversario-23o-del-colegio-patricio-lynch\/\" aria-label=\"Leer m\u00e1s sobre ANIVERSARIO 23\u00ba DEL COLEGIO PATRICIO LYNCH\">Leer m\u00e1s<\/a><\/p>\n","protected":false},"author":3,"featured_media":2433,"comment_status":"closed","ping_status":"open","sticky":false,"template":"","format":"standard","meta":{"_EventAllDay":false,"_EventTimezone":"","_EventStartDate":"","_EventEndDate":"","_EventStartDateUTC":"","_EventEndDateUTC":"","_EventShowMap":false,"_EventShowMapLink":false,"_EventURL":"","_EventCost":"","_EventCostDescription":"","_EventCurrencySymbol":"","_EventCurrencyCode":"","_EventCurrencyPosition":"","_EventDateTimeSeparator":"","_EventTimeRangeSeparator":"","_EventOrganizerID":[],"_EventVenueID":[],"_OrganizerEmail":"","_OrganizerPhone":"","_OrganizerWebsite":"","_VenueAddress":"","_VenueCity":"","_VenueCountry":"","_VenueProvince":"","_VenueState":"","_VenueZip":"","_VenuePhone":"","_VenueURL":"","_VenueStateProvince":"","_VenueLat":"","_VenueLng":"","_VenueShowMap":false,"_VenueShowMapLink":false,"footnotes":""},"categories":[22],"tags":[],"class_list":["post-2427","post","type-post","status-publish","format-standard","has-post-thumbnail","hentry","category-noticias"],"_links":{"self":[{"href":"https:\/\/colegiopatriciolynch.cl\/inicio\/wp-json\/wp\/v2\/posts\/2427","targetHints":{"allow":["GET"]}}],"collection":[{"href":"https:\/\/colegiopatriciolynch.cl\/inicio\/wp-json\/wp\/v2\/posts"}],"about":[{"href":"https:\/\/colegiopatriciolynch.cl\/inicio\/wp-json\/wp\/v2\/types\/post"}],"author":[{"embeddable":true,"href":"https:\/\/colegiopatriciolynch.cl\/inicio\/wp-json\/wp\/v2\/users\/3"}],"replies":[{"embeddable":true,"href":"https:\/\/colegiopatriciolynch.cl\/inicio\/wp-json\/wp\/v2\/comments?post=2427"}],"version-history":[{"count":7,"href":"https:\/\/colegiopatriciolynch.cl\/inicio\/wp-json\/wp\/v2\/posts\/2427\/revisions"}],"predecessor-version":[{"id":2440,"href":"https:\/\/colegiopatriciolynch.cl\/inicio\/wp-json\/wp\/v2\/posts\/2427\/revisions\/2440"}],"wp:featuredmedia":[{"embeddable":true,"href":"https:\/\/colegiopatriciolynch.cl\/inicio\/wp-json\/wp\/v2\/media\/2433"}],"wp:attachment":[{"href":"https:\/\/colegiopatriciolynch.cl\/inicio\/wp-json\/wp\/v2\/media?parent=2427"}],"wp:term":[{"taxonomy":"category","embeddable":true,"href":"https:\/\/colegiopatriciolynch.cl\/inicio\/wp-json\/wp\/v2\/categories?post=2427"},{"taxonomy":"post_tag","embeddable":true,"href":"https:\/\/colegiopatriciolynch.cl\/inicio\/wp-json\/wp\/v2\/tags?post=2427"}],"curies":[{"name":"wp","href":"https:\/\/api.w.org\/{rel}","templated":true}]}}