{"id":2338,"date":"2023-06-19T15:23:30","date_gmt":"2023-06-19T15:23:30","guid":{"rendered":"https:\/\/colegiopatriciolynch.cl\/inicio\/?p=2338"},"modified":"2024-03-18T15:29:03","modified_gmt":"2024-03-18T15:29:03","slug":"competicion-soprole","status":"publish","type":"post","link":"https:\/\/colegiopatriciolynch.cl\/inicio\/competicion-soprole\/","title":{"rendered":"COMPETICI\u00d3N SOPROLE"},"content":{"rendered":"\t\t<div data-elementor-type=\"wp-post\" data-elementor-id=\"2338\" class=\"elementor elementor-2338\" data-elementor-post-type=\"post\">\n\t\t\t\t\t\t<section class=\"elementor-section elementor-top-section elementor-element elementor-element-96a9093 elementor-section-boxed elementor-section-height-default elementor-section-height-default\" data-id=\"96a9093\" data-element_type=\"section\" data-e-type=\"section\">\n\t\t\t\t\t\t<div class=\"elementor-container elementor-column-gap-default\">\n\t\t\t\t\t<div class=\"elementor-column elementor-col-100 elementor-top-column elementor-element elementor-element-13853ac\" data-id=\"13853ac\" data-element_type=\"column\" data-e-type=\"column\">\n\t\t\t<div class=\"elementor-widget-wrap elementor-element-populated\">\n\t\t\t\t\t\t<div class=\"elementor-element elementor-element-15a8e66 elementor-widget elementor-widget-text-editor\" data-id=\"15a8e66\" data-element_type=\"widget\" data-e-type=\"widget\" data-widget_type=\"text-editor.default\">\n\t\t\t\t<div class=\"elementor-widget-container\">\n\t\t\t\t\t\t\t\t\t<p>Como comunidad escolar estamos muy felices y orgullosos por la participaci\u00f3n de nuestra alumna Vcoria Olivares de 2 \u00b0 medio en el campeonato de nataci\u00f3n interescolar de soprole el cual se realiz\u00f3 el d\u00eda s\u00e1bado 17 de junio en las dependencias del polideportivo Renato Raggio en Valpara\u00edso, nuestra querida alumna obtuvo el segundo lugar en la prueba de 100 metros estilo pecho en la categor\u00eda juvenil A. Con este resultado nuestra estudiante pudo clasificar al torneo nacional soprole en donde volver\u00e1 a representar a nuestro establecimiento en el mes de noviembre.<\/p>\t\t\t\t\t\t\t\t<\/div>\n\t\t\t\t<\/div>\n\t\t\t\t\t<\/div>\n\t\t<\/div>\n\t\t\t\t\t<\/div>\n\t\t<\/section>\n\t\t\t\t<section class=\"elementor-section elementor-top-section elementor-element elementor-element-421e330 elementor-section-boxed elementor-section-height-default elementor-section-height-default\" data-id=\"421e330\" data-element_type=\"section\" data-e-type=\"section\">\n\t\t\t\t\t\t<div class=\"elementor-container elementor-column-gap-default\">\n\t\t\t\t\t<div class=\"elementor-column elementor-col-100 elementor-top-column elementor-element elementor-element-2b6696d\" data-id=\"2b6696d\" data-element_type=\"column\" data-e-type=\"column\">\n\t\t\t<div class=\"elementor-widget-wrap elementor-element-populated\">\n\t\t\t\t\t\t<div class=\"elementor-element elementor-element-c39c1dd elementor-widget elementor-widget-gallery\" data-id=\"c39c1dd\" data-element_type=\"widget\" data-e-type=\"widget\" data-settings=\"{&quot;gap&quot;:{&quot;unit&quot;:&quot;px&quot;,&quot;size&quot;:26,&quot;sizes&quot;:[]},&quot;lazyload&quot;:&quot;yes&quot;,&quot;gallery_layout&quot;:&quot;grid&quot;,&quot;columns&quot;:4,&quot;columns_tablet&quot;:2,&quot;columns_mobile&quot;:1,&quot;gap_tablet&quot;:{&quot;unit&quot;:&quot;px&quot;,&quot;size&quot;:10,&quot;sizes&quot;:[]},&quot;gap_mobile&quot;:{&quot;unit&quot;:&quot;px&quot;,&quot;size&quot;:10,&quot;sizes&quot;:[]},&quot;link_to&quot;:&quot;file&quot;,&quot;aspect_ratio&quot;:&quot;3:2&quot;,&quot;overlay_background&quot;:&quot;yes&quot;,&quot;content_hover_animation&quot;:&quot;fade-in&quot;}\" data-widget_type=\"gallery.default\">\n\t\t\t\t<div class=\"elementor-widget-container\">\n\t\t\t\t\t\t\t<div class=\"elementor-gallery__container\">\n\t\t\t\t\t\t\t<a class=\"e-gallery-item elementor-gallery-item elementor-animated-content\" href=\"https:\/\/colegiopatriciolynch.cl\/inicio\/wp-content\/uploads\/2023\/06\/101e05d1-3a53-4b4d-bcfa-43d1b30ff244.jpg\" data-elementor-open-lightbox=\"yes\" data-elementor-lightbox-slideshow=\"c39c1dd\" data-elementor-lightbox-title=\"101e05d1-3a53-4b4d-bcfa-43d1b30ff244\" data-e-action-hash=\"#elementor-action%3Aaction%3Dlightbox%26settings%3DeyJpZCI6MjM0MywidXJsIjoiaHR0cHM6XC9cL2NvbGVnaW9wYXRyaWNpb2x5bmNoLmNsXC9pbmljaW9cL3dwLWNvbnRlbnRcL3VwbG9hZHNcLzIwMjNcLzA2XC8xMDFlMDVkMS0zYTUzLTRiNGQtYmNmYS00M2QxYjMwZmYyNDQuanBnIiwic2xpZGVzaG93IjoiYzM5YzFkZCJ9\">\n\t\t\t\t\t<div class=\"e-gallery-image elementor-gallery-item__image\" data-thumbnail=\"https:\/\/colegiopatriciolynch.cl\/inicio\/wp-content\/uploads\/2023\/06\/101e05d1-3a53-4b4d-bcfa-43d1b30ff244-225x300.jpg\" data-width=\"225\" data-height=\"300\" aria-label=\"\" role=\"img\" ><\/div>\n\t\t\t\t\t\t\t\t\t\t\t<div class=\"elementor-gallery-item__overlay\"><\/div>\n\t\t\t\t\t\t\t\t\t\t\t\t\t\t<\/a>\n\t\t\t\t\t\t\t<a class=\"e-gallery-item elementor-gallery-item elementor-animated-content\" href=\"https:\/\/colegiopatriciolynch.cl\/inicio\/wp-content\/uploads\/2023\/06\/652b1240-2d7e-425f-bad7-3f9a223c7aca.jpg\" data-elementor-open-lightbox=\"yes\" data-elementor-lightbox-slideshow=\"c39c1dd\" data-elementor-lightbox-title=\"652b1240-2d7e-425f-bad7-3f9a223c7aca\" data-e-action-hash=\"#elementor-action%3Aaction%3Dlightbox%26settings%3DeyJpZCI6MjM0NCwidXJsIjoiaHR0cHM6XC9cL2NvbGVnaW9wYXRyaWNpb2x5bmNoLmNsXC9pbmljaW9cL3dwLWNvbnRlbnRcL3VwbG9hZHNcLzIwMjNcLzA2XC82NTJiMTI0MC0yZDdlLTQyNWYtYmFkNy0zZjlhMjIzYzdhY2EuanBnIiwic2xpZGVzaG93IjoiYzM5YzFkZCJ9\">\n\t\t\t\t\t<div class=\"e-gallery-image elementor-gallery-item__image\" data-thumbnail=\"https:\/\/colegiopatriciolynch.cl\/inicio\/wp-content\/uploads\/2023\/06\/652b1240-2d7e-425f-bad7-3f9a223c7aca-300x200.jpg\" data-width=\"300\" data-height=\"200\" aria-label=\"\" role=\"img\" ><\/div>\n\t\t\t\t\t\t\t\t\t\t\t<div class=\"elementor-gallery-item__overlay\"><\/div>\n\t\t\t\t\t\t\t\t\t\t\t\t\t\t<\/a>\n\t\t\t\t\t<\/div>\n\t\t\t\t\t<\/div>\n\t\t\t\t<\/div>\n\t\t\t\t\t<\/div>\n\t\t<\/div>\n\t\t\t\t\t<\/div>\n\t\t<\/section>\n\t\t\t\t<\/div>\n\t\t","protected":false},"excerpt":{"rendered":"<p>Como comunidad escolar estamos muy felices y orgullosos por la participaci\u00f3n de nuestra alumna Vcoria Olivares de 2 \u00b0 medio en el campeonato de nataci\u00f3n interescolar de soprole el cual &#8230; <a title=\"COMPETICI\u00d3N SOPROLE\" class=\"read-more\" href=\"https:\/\/colegiopatriciolynch.cl\/inicio\/competicion-soprole\/\" aria-label=\"Leer m\u00e1s sobre COMPETICI\u00d3N SOPROLE\">Leer m\u00e1s<\/a><\/p>\n","protected":false},"author":3,"featured_media":2343,"comment_status":"closed","ping_status":"open","sticky":false,"template":"","format":"standard","meta":{"_EventAllDay":false,"_EventTimezone":"","_EventStartDate":"","_EventEndDate":"","_EventStartDateUTC":"","_EventEndDateUTC":"","_EventShowMap":false,"_EventShowMapLink":false,"_EventURL":"","_EventCost":"","_EventCostDescription":"","_EventCurrencySymbol":"","_EventCurrencyCode":"","_EventCurrencyPosition":"","_EventDateTimeSeparator":"","_EventTimeRangeSeparator":"","_EventOrganizerID":[],"_EventVenueID":[],"_OrganizerEmail":"","_OrganizerPhone":"","_OrganizerWebsite":"","_VenueAddress":"","_VenueCity":"","_VenueCountry":"","_VenueProvince":"","_VenueState":"","_VenueZip":"","_VenuePhone":"","_VenueURL":"","_VenueStateProvince":"","_VenueLat":"","_VenueLng":"","_VenueShowMap":false,"_VenueShowMapLink":false,"footnotes":""},"categories":[22],"tags":[],"class_list":["post-2338","post","type-post","status-publish","format-standard","has-post-thumbnail","hentry","category-noticias"],"_links":{"self":[{"href":"https:\/\/colegiopatriciolynch.cl\/inicio\/wp-json\/wp\/v2\/posts\/2338","targetHints":{"allow":["GET"]}}],"collection":[{"href":"https:\/\/colegiopatriciolynch.cl\/inicio\/wp-json\/wp\/v2\/posts"}],"about":[{"href":"https:\/\/colegiopatriciolynch.cl\/inicio\/wp-json\/wp\/v2\/types\/post"}],"author":[{"embeddable":true,"href":"https:\/\/colegiopatriciolynch.cl\/inicio\/wp-json\/wp\/v2\/users\/3"}],"replies":[{"embeddable":true,"href":"https:\/\/colegiopatriciolynch.cl\/inicio\/wp-json\/wp\/v2\/comments?post=2338"}],"version-history":[{"count":8,"href":"https:\/\/colegiopatriciolynch.cl\/inicio\/wp-json\/wp\/v2\/posts\/2338\/revisions"}],"predecessor-version":[{"id":2348,"href":"https:\/\/colegiopatriciolynch.cl\/inicio\/wp-json\/wp\/v2\/posts\/2338\/revisions\/2348"}],"wp:featuredmedia":[{"embeddable":true,"href":"https:\/\/colegiopatriciolynch.cl\/inicio\/wp-json\/wp\/v2\/media\/2343"}],"wp:attachment":[{"href":"https:\/\/colegiopatriciolynch.cl\/inicio\/wp-json\/wp\/v2\/media?parent=2338"}],"wp:term":[{"taxonomy":"category","embeddable":true,"href":"https:\/\/colegiopatriciolynch.cl\/inicio\/wp-json\/wp\/v2\/categories?post=2338"},{"taxonomy":"post_tag","embeddable":true,"href":"https:\/\/colegiopatriciolynch.cl\/inicio\/wp-json\/wp\/v2\/tags?post=2338"}],"curies":[{"name":"wp","href":"https:\/\/api.w.org\/{rel}","templated":true}]}}